{"id":250,"date":"2019-12-23T21:37:06","date_gmt":"2019-12-23T21:37:06","guid":{"rendered":"https:\/\/akademska-masa.org\/?p=250"},"modified":"2019-12-23T21:37:25","modified_gmt":"2019-12-23T21:37:25","slug":"podrska-koleginici-biljani-arandelovic-sa-arhitektonskog-fakulteta-u-nisu","status":"publish","type":"post","link":"https:\/\/akademska-masa.org\/en\/support-to-colleagues-biljani-arandelovic-from-the-faculty-of-architecture-in-nisu\/","title":{"rendered":"Support to my colleague Biljana Aran\u0111elovi\u0107 from the Faculty of Architecture in Ni\u0161"},"content":{"rendered":"<p>MASA supports her colleague Biljana Aran\u0111elovi\u0107 from the Faculty of Civil Engineering and Architecture in Ni\u0161 in her efforts to be elected to a higher position, as she has been meeting the legal requirements for such an election since 2014. She has been employed at the Faculty since 2009. as an assistant professor in the courses Art and Architecture, Contemporary Architecture and Architecture of Serbia of the 20th Century, which belong to the field of social and humanistic sciences.<\/p>\n\n\n\n<p>Even though before 2014, she fulfilled the legal requirements for being elected to the title of associate professor - published a monograph for an influential international publishing house (Springer International Publishing) and works in the most prestigious world magazines in the field of history of architecture and art - she was again elected as an assistant professor. Five years after that, she also met the requirements for a full professor, and yet in 2019, she was chosen as an assistant professor for the third time.<\/p>\n\n\n\n<p>In the official announcement of the decision-making body at the University of Nis, it is stated that colleague Aran\u0111elovi\u0107 cannot advance in her career, because she does not have works on the SCI list, which includes scientific journals from natural and technical-technological sciences. Why is candidate Aran\u0111elovi\u0107 required to submit articles from technical and technological sciences journals when she has been teaching subjects in the field of social and humanities for ten years, and she applied for a competition in the narrower scientific field of history of architecture and art, which belongs to the social and humanities? This interpretation of the conditions of the competition led to the discrimination of the candidate, for whom the university bodies set conditions that she could not fulfill. Unfortunately, it also led to the degradation of the professional reputation of colleague Aran\u0111elovi\u0107. The prohibition of discrimination during career advancement is an integral part of the Code of Professional Ethics of the University of Ni\u0161. We hope that this misunderstanding will be resolved quickly and that colleague Aran\u0111elovi\u0107 will advance to a university title that faithfully maintains her academic qualities. <\/p>\n\n\n\n<p>Mass Coordinating Committee<\/p>\n\n\n\n<p>Belgrade, 23.12.2019.<\/p>","protected":false},"excerpt":{"rendered":"<p>MASA supports her colleague Biljana Aran\u0111elovi\u0107 from the Faculty of Civil Engineering and Architecture in Ni\u0161 in her efforts to be elected to a higher position, as she has been meeting the legal requirements for such an election since 2014. She has been employed at the Faculty since 2009. as an assistant professor in the courses Art and Architecture, Contemporary Architecture and Architecture of Serbia of the 20th Century, which belong to the field of social and humanistic [...]<\/p>","protected":false},"author":1,"featured_media":203,"comment_status":"closed","ping_status":"open","sticky":false,"template":"","format":"standard","meta":[],"categories":[1],"tags":[6,11],"_links":{"self":[{"href":"https:\/\/akademska-masa.org\/en\/wp-json\/wp\/v2\/posts\/250"}],"collection":[{"href":"https:\/\/akademska-masa.org\/en\/wp-json\/wp\/v2\/posts"}],"about":[{"href":"https:\/\/akademska-masa.org\/en\/wp-json\/wp\/v2\/types\/post"}],"author":[{"embeddable":true,"href":"https:\/\/akademska-masa.org\/en\/wp-json\/wp\/v2\/users\/1"}],"replies":[{"embeddable":true,"href":"https:\/\/akademska-masa.org\/en\/wp-json\/wp\/v2\/comments?post=250"}],"version-history":[{"count":1,"href":"https:\/\/akademska-masa.org\/en\/wp-json\/wp\/v2\/posts\/250\/revisions"}],"predecessor-version":[{"id":251,"href":"https:\/\/akademska-masa.org\/en\/wp-json\/wp\/v2\/posts\/250\/revisions\/251"}],"wp:featuredmedia":[{"embeddable":true,"href":"https:\/\/akademska-masa.org\/en\/wp-json\/wp\/v2\/media\/203"}],"wp:attachment":[{"href":"https:\/\/akademska-masa.org\/en\/wp-json\/wp\/v2\/media?parent=250"}],"wp:term":[{"taxonomy":"category","embeddable":true,"href":"https:\/\/akademska-masa.org\/en\/wp-json\/wp\/v2\/categories?post=250"},{"taxonomy":"post_tag","embeddable":true,"href":"https:\/\/akademska-masa.org\/en\/wp-json\/wp\/v2\/tags?post=250"}],"curies":[{"name":"wp","href":"https:\/\/api.w.org\/{rel}","templated":true}]}}