{"id":5299,"date":"2025-08-26T12:57:48","date_gmt":"2025-08-26T12:57:48","guid":{"rendered":"https:\/\/akademska-masa.org\/?p=5299"},"modified":"2025-08-26T12:58:10","modified_gmt":"2025-08-26T12:58:10","slug":"masa-osudjuje-izbacivanje-studenata-sa-filozofskog-fakulteta-u-ns","status":"publish","type":"post","link":"https:\/\/akademska-masa.org\/en\/masa-osudjuje-izbacivanje-studenata-sa-filozofskog-fakulteta-u-ns\/","title":{"rendered":"MASA osu\u0111uje izbacivanje studenata sa Filozofskog fakulteta u NS"},"content":{"rendered":"<div data-elementor-type=\"wp-post\" data-elementor-id=\"5299\" class=\"elementor elementor-5299\">\n\t\t\t\t\t\t\t\t\t<section class=\"elementor-section elementor-top-section elementor-element elementor-element-4a0d24d elementor-section-boxed elementor-section-height-default elementor-section-height-default\" data-id=\"4a0d24d\" data-element_type=\"section\">\n\t\t\t\t\t\t<div class=\"elementor-container elementor-column-gap-default\">\n\t\t\t\t\t<div class=\"elementor-column elementor-col-100 elementor-top-column elementor-element elementor-element-3dc1adc\" data-id=\"3dc1adc\" data-element_type=\"column\">\n\t\t\t<div class=\"elementor-widget-wrap elementor-element-populated\">\n\t\t\t\t\t\t\t\t<div class=\"elementor-element elementor-element-3433988 elementor-widget elementor-widget-text-editor\" data-id=\"3433988\" data-element_type=\"widget\" data-widget_type=\"text-editor.default\">\n\t\t\t\t<div class=\"elementor-widget-container\">\n\t\t\t\t\t\t\t<p>MASA sa strepnjom i neodobravanjem gleda na izbacivanje studenata sa Filozofskog fakulteta Univerziteta u Novom Sadu od strane dekana i grupe profesora. U situaciji visoke napetosti i zapaljive atmosfere u dru\u0161tvu svaki jednostrano povu\u010deni potez predstavlja mogu\u0107i okida\u010d za \u0161ire dru\u0161tvene nemire. Ovome smo svedo\u010dili prethodnih nedelja u Novom Pazaru gde je do\u0161lo i do eskalacije nasilja.\u00a0<\/p><p>Dodatno je uznemiruju\u0107e to \u0161to je dekan studentima uputio pretnje mogu\u0107im disciplinskim postupcima i udaljavanjem sa fakulteta na odre\u0111eni period u slu\u010daju poku\u0161aja da ponovo uspostave blokadu ili opstruiraju odr\u017eavanje ispita. Ovakve pretnje dolaze nakon vi\u0161emese\u010dnog neuspe\u0161nog pregovaranja tokom kog je dekan kr\u0161io prethodno donesene dogovore i poku\u0161avao da nametne svoju volju drugoj strani.\u00a0<\/p><p>Smatramo da u akademskom kontekstu ne sme biti mesta za re\u010dnik ucena i pretnji. Osobe koje ne pokazuju po\u0161tovanje prema svojim kolegama &#8211; profesorima i studentima, nisu dostojne obavljanja rukovode\u0107ih poslova.\u00a0<\/p><p>Apelujemo na sve aktere u akademskom \u017eivotu &#8211; uprave fakulteta, profesore, studente na blokadama i studente van blokada, da re\u0161enja kriznih situacija tra\u017ee diplomatskim putem i dogovorom, a ne povla\u010denjem jednostranih poteza koji mogu imati dalekose\u017ene posledice.\u00a0<\/p><p>\u00a0<\/p>\t\t\t\t\t\t<\/div>\n\t\t\t\t<\/div>\n\t\t\t\t\t<\/div>\n\t\t<\/div>\n\t\t\t\t\t\t\t<\/div>\n\t\t<\/section>\n\t\t\t\t\t\t\t<\/div>","protected":false},"excerpt":{"rendered":"<p>MASA sa strepnjom i neodobravanjem gleda na izbacivanje studenata sa Filozofskog fakulteta Univerziteta u Novom Sadu od strane dekana i grupe profesora. U situaciji visoke napetosti i zapaljive atmosfere u dru\u0161tvu svaki jednostrano povu\u010deni potez predstavlja mogu\u0107i okida\u010d za \u0161ire dru\u0161tvene nemire. Ovome smo svedo\u010dili prethodnih nedelja u Novom Pazaru gde je do\u0161lo i do [&hellip;]<\/p>","protected":false},"author":1,"featured_media":0,"comment_status":"closed","ping_status":"closed","sticky":false,"template":"","format":"standard","meta":[],"categories":[1],"tags":[],"_links":{"self":[{"href":"https:\/\/akademska-masa.org\/en\/wp-json\/wp\/v2\/posts\/5299"}],"collection":[{"href":"https:\/\/akademska-masa.org\/en\/wp-json\/wp\/v2\/posts"}],"about":[{"href":"https:\/\/akademska-masa.org\/en\/wp-json\/wp\/v2\/types\/post"}],"author":[{"embeddable":true,"href":"https:\/\/akademska-masa.org\/en\/wp-json\/wp\/v2\/users\/1"}],"replies":[{"embeddable":true,"href":"https:\/\/akademska-masa.org\/en\/wp-json\/wp\/v2\/comments?post=5299"}],"version-history":[{"count":4,"href":"https:\/\/akademska-masa.org\/en\/wp-json\/wp\/v2\/posts\/5299\/revisions"}],"predecessor-version":[{"id":5303,"href":"https:\/\/akademska-masa.org\/en\/wp-json\/wp\/v2\/posts\/5299\/revisions\/5303"}],"wp:attachment":[{"href":"https:\/\/akademska-masa.org\/en\/wp-json\/wp\/v2\/media?parent=5299"}],"wp:term":[{"taxonomy":"category","embeddable":true,"href":"https:\/\/akademska-masa.org\/en\/wp-json\/wp\/v2\/categories?post=5299"},{"taxonomy":"post_tag","embeddable":true,"href":"https:\/\/akademska-masa.org\/en\/wp-json\/wp\/v2\/tags?post=5299"}],"curies":[{"name":"wp","href":"https:\/\/api.w.org\/{rel}","templated":true}]}}