{"id":5304,"date":"2025-09-01T12:44:15","date_gmt":"2025-09-01T12:44:15","guid":{"rendered":"https:\/\/akademska-masa.org\/?p=5304"},"modified":"2025-09-01T12:45:12","modified_gmt":"2025-09-01T12:45:12","slug":"masa-osudjuje-nasilni-upad-na-fakultet-za-sport-i-fizicko-vaspitanje-univerziteta-u-novom-sadu","status":"publish","type":"post","link":"https:\/\/akademska-masa.org\/en\/masa-osudjuje-nasilni-upad-na-fakultet-za-sport-i-fizicko-vaspitanje-univerziteta-u-novom-sadu\/","title":{"rendered":"MASA osu\u0111uje nasilni upad na Fakultet za sport i fizi\u010dko vaspitanje Univerziteta u Novom Sadu"},"content":{"rendered":"<div data-elementor-type=\"wp-post\" data-elementor-id=\"5304\" class=\"elementor elementor-5304\">\n\t\t\t\t\t\t\t\t\t<section class=\"elementor-section elementor-top-section elementor-element elementor-element-f211fe4 elementor-section-boxed elementor-section-height-default elementor-section-height-default\" data-id=\"f211fe4\" data-element_type=\"section\">\n\t\t\t\t\t\t<div class=\"elementor-container elementor-column-gap-default\">\n\t\t\t\t\t<div class=\"elementor-column elementor-col-100 elementor-top-column elementor-element elementor-element-fdf33aa\" data-id=\"fdf33aa\" data-element_type=\"column\">\n\t\t\t<div class=\"elementor-widget-wrap elementor-element-populated\">\n\t\t\t\t\t\t\t\t<div class=\"elementor-element elementor-element-5ee238a elementor-widget elementor-widget-text-editor\" data-id=\"5ee238a\" data-element_type=\"widget\" data-widget_type=\"text-editor.default\">\n\t\t\t\t<div class=\"elementor-widget-container\">\n\t\t\t\t\t\t\t<p>Slede\u0107i recept kolege Milivoja Alanovi\u0107a, dekan Fakulteta za sport i fizi\u010dko vaspitanje Patrik Drid, no\u0107as je upao na fakultet u pratnji tri maskirana lica, a ubrzo potom pred fakultet je stigla i policija. Ovo je ve\u0107 \u010detvrti fakultet na kom se krizna situacija nastoji re\u0161iti primenom sile koja odslikava dru\u0161tvo u kome \u017eivimo. Policijsko prisustvo na fakultetima predstavlja opasan presedan i model razbijanja blokada kojim se postepeno normalizuje kr\u0161enje autonomije univerziteta. Nakon potpisivanja podr\u0161ke re\u017eimu od strane dekana, rektora i poslu\u0161nih lojalnih profesora, pa preko partijskih studentskih parlamenata i napada strana\u010dkih aktivista i pla\u0107enika, do\u0161li smo do upada svih njih zajedno na fakultete, uz pratnju policije.<\/p><p>Mre\u017ea akademske solidarnosti i anga\u017eovanosti (MASA) smatra da ovakve prakse predstavljaju prvenstveno odraz nemo\u0107i i nesposobnosti uprava ovih fakulteta da trenutne situacije re\u0161e dogovorom, uz uva\u017eavanje svih strana. Ovakvi doga\u0111aji predstavljaju opomenu za celo dru\u0161tvo i kolektive fakulteta: da ljudi koji pokazuju netrpeljivost prema studentima i koji ne prepoznaju i ne cene borbu za pravno i demokratsko dru\u0161tvo ne smeju nikada vi\u0161e biti izabrani da upravljaju ustanovama koje moraju da neguju kriti\u010dku misao i formiraju intelektualne slojeve dru\u0161tva.<\/p>\t\t\t\t\t\t<\/div>\n\t\t\t\t<\/div>\n\t\t\t\t\t<\/div>\n\t\t<\/div>\n\t\t\t\t\t\t\t<\/div>\n\t\t<\/section>\n\t\t\t\t\t\t\t<\/div>","protected":false},"excerpt":{"rendered":"<p>Slede\u0107i recept kolege Milivoja Alanovi\u0107a, dekan Fakulteta za sport i fizi\u010dko vaspitanje Patrik Drid, no\u0107as je upao na fakultet u pratnji tri maskirana lica, a ubrzo potom pred fakultet je stigla i policija. Ovo je ve\u0107 \u010detvrti fakultet na kom se krizna situacija nastoji re\u0161iti primenom sile koja odslikava dru\u0161tvo u kome \u017eivimo. Policijsko prisustvo [&hellip;]<\/p>","protected":false},"author":1,"featured_media":0,"comment_status":"closed","ping_status":"closed","sticky":false,"template":"","format":"standard","meta":[],"categories":[1],"tags":[],"_links":{"self":[{"href":"https:\/\/akademska-masa.org\/en\/wp-json\/wp\/v2\/posts\/5304"}],"collection":[{"href":"https:\/\/akademska-masa.org\/en\/wp-json\/wp\/v2\/posts"}],"about":[{"href":"https:\/\/akademska-masa.org\/en\/wp-json\/wp\/v2\/types\/post"}],"author":[{"embeddable":true,"href":"https:\/\/akademska-masa.org\/en\/wp-json\/wp\/v2\/users\/1"}],"replies":[{"embeddable":true,"href":"https:\/\/akademska-masa.org\/en\/wp-json\/wp\/v2\/comments?post=5304"}],"version-history":[{"count":4,"href":"https:\/\/akademska-masa.org\/en\/wp-json\/wp\/v2\/posts\/5304\/revisions"}],"predecessor-version":[{"id":5308,"href":"https:\/\/akademska-masa.org\/en\/wp-json\/wp\/v2\/posts\/5304\/revisions\/5308"}],"wp:attachment":[{"href":"https:\/\/akademska-masa.org\/en\/wp-json\/wp\/v2\/media?parent=5304"}],"wp:term":[{"taxonomy":"category","embeddable":true,"href":"https:\/\/akademska-masa.org\/en\/wp-json\/wp\/v2\/categories?post=5304"},{"taxonomy":"post_tag","embeddable":true,"href":"https:\/\/akademska-masa.org\/en\/wp-json\/wp\/v2\/tags?post=5304"}],"curies":[{"name":"wp","href":"https:\/\/api.w.org\/{rel}","templated":true}]}}