{"id":5310,"date":"2025-09-05T07:37:50","date_gmt":"2025-09-05T07:37:50","guid":{"rendered":"https:\/\/akademska-masa.org\/?p=5310"},"modified":"2025-09-05T07:39:18","modified_gmt":"2025-09-05T07:39:18","slug":"masa-poziva-na-zastitu-dekanke-medicinskog-fakulteta-univerziteta-u-beogradu-od-iskonstruisanog-procesa-smene","status":"publish","type":"post","link":"https:\/\/akademska-masa.org\/en\/masa-poziva-na-zastitu-dekanke-medicinskog-fakulteta-univerziteta-u-beogradu-od-iskonstruisanog-procesa-smene\/","title":{"rendered":"MASA poziva na za\u0161titu dekanke Medicinskog fakulteta Univerziteta u Beogradu od iskonstruisanog procesa smene"},"content":{"rendered":"<div data-elementor-type=\"wp-post\" data-elementor-id=\"5310\" class=\"elementor elementor-5310\">\n\t\t\t\t\t\t\t\t\t<section class=\"elementor-section elementor-top-section elementor-element elementor-element-e39c44b elementor-section-boxed elementor-section-height-default elementor-section-height-default\" data-id=\"e39c44b\" data-element_type=\"section\">\n\t\t\t\t\t\t<div class=\"elementor-container elementor-column-gap-default\">\n\t\t\t\t\t<div class=\"elementor-column elementor-col-100 elementor-top-column elementor-element elementor-element-8c29a3d\" data-id=\"8c29a3d\" data-element_type=\"column\">\n\t\t\t<div class=\"elementor-widget-wrap elementor-element-populated\">\n\t\t\t\t\t\t\t\t<div class=\"elementor-element elementor-element-d421677 elementor-widget elementor-widget-text-editor\" data-id=\"d421677\" data-element_type=\"widget\" data-widget_type=\"text-editor.default\">\n\t\t\t\t<div class=\"elementor-widget-container\">\n\t\t\t\t\t\t\t<p>Re\u017eim ovih dana koristi sva sredstva kako bi sproveo potpunu kontrolu nad obrazovnim sistemom na svim nivoima, po cenu potpunog uru\u0161enja principa zakonitosti i autonomije univerziteta. Najnovija manifestacija sile i nepo\u0161tovanja akademskih principa je smena dekanke Medicinskog fakulteta Univerziteta u Beogradu bez odluke Nastavno nau\u010dnog ve\u0107a, glasovima u Savetu fakultet koje postavlja vlada.<\/p><p>S obzirom da je postupak inicirao i vodio ministar zdravlja Zlatibor Lon\u010dar, opravdano sumnjamo u pravednost i zakonitost ove procedure, pogotovo uzimaju\u0107i u obzir pona\u0161anje dekanke prof. dr Tatjane Simi\u0107 tokom studentskih blokada i najavu re\u017eima da \u0107e se svetiti na sve na\u010dine.<\/p><p>U skladu sa legitimnim i kolegijalnim procedurama a i principom autonomije, smatramo da je o eventualnoj smeni dekanke trebalo da odlu\u010duju njene kolege profesori koji su je i postavili na tu du\u017enost, a ne izaslanici vlasti u Savetu fakulteta. Podse\u0107amo da su profesori listom iza\u0161li sa pomenute sednice Saveta i da \u0107e prof. Simi\u0107 pokrenuti tu\u017ebu zbog nezakonitog postupka.<\/p><p>Ovakvim postupkom se otvara mogu\u0107nost za smenu svakog nepodobnog rukovodioca fakulteta i univeziteta. Ova vlast sada ve\u0107 otvoreno govori da dr\u017eavni univerziteti moraju biti poslu\u0161ni ili \u0107e biti ukinuti.<\/p><p>Mre\u017ea akademske solidarnosti i anga\u017eovanosti (MASA) najo\u0161trije osu\u0111uje ovaj osvetni\u010dki politi\u010dki \u010din i iskonstruisan proces smene dekanke. Apelujemo na sve pravne aktere ali i na kolege sa Medicinskog fakuleta i svih dr\u017eavnih univerziteta da reagujemo i stanemo u odbranu dekanke i svakog od nas kome preti osveta vlasti.<\/p>\t\t\t\t\t\t<\/div>\n\t\t\t\t<\/div>\n\t\t\t\t\t<\/div>\n\t\t<\/div>\n\t\t\t\t\t\t\t<\/div>\n\t\t<\/section>\n\t\t\t\t\t\t\t<\/div>","protected":false},"excerpt":{"rendered":"<p>Re\u017eim ovih dana koristi sva sredstva kako bi sproveo potpunu kontrolu nad obrazovnim sistemom na svim nivoima, po cenu potpunog uru\u0161enja principa zakonitosti i autonomije univerziteta. Najnovija manifestacija sile i nepo\u0161tovanja akademskih principa je smena dekanke Medicinskog fakulteta Univerziteta u Beogradu bez odluke Nastavno nau\u010dnog ve\u0107a, glasovima u Savetu fakultet koje postavlja vlada. S obzirom [&hellip;]<\/p>","protected":false},"author":1,"featured_media":0,"comment_status":"closed","ping_status":"closed","sticky":false,"template":"","format":"standard","meta":[],"categories":[1],"tags":[],"_links":{"self":[{"href":"https:\/\/akademska-masa.org\/en\/wp-json\/wp\/v2\/posts\/5310"}],"collection":[{"href":"https:\/\/akademska-masa.org\/en\/wp-json\/wp\/v2\/posts"}],"about":[{"href":"https:\/\/akademska-masa.org\/en\/wp-json\/wp\/v2\/types\/post"}],"author":[{"embeddable":true,"href":"https:\/\/akademska-masa.org\/en\/wp-json\/wp\/v2\/users\/1"}],"replies":[{"embeddable":true,"href":"https:\/\/akademska-masa.org\/en\/wp-json\/wp\/v2\/comments?post=5310"}],"version-history":[{"count":4,"href":"https:\/\/akademska-masa.org\/en\/wp-json\/wp\/v2\/posts\/5310\/revisions"}],"predecessor-version":[{"id":5314,"href":"https:\/\/akademska-masa.org\/en\/wp-json\/wp\/v2\/posts\/5310\/revisions\/5314"}],"wp:attachment":[{"href":"https:\/\/akademska-masa.org\/en\/wp-json\/wp\/v2\/media?parent=5310"}],"wp:term":[{"taxonomy":"category","embeddable":true,"href":"https:\/\/akademska-masa.org\/en\/wp-json\/wp\/v2\/categories?post=5310"},{"taxonomy":"post_tag","embeddable":true,"href":"https:\/\/akademska-masa.org\/en\/wp-json\/wp\/v2\/tags?post=5310"}],"curies":[{"name":"wp","href":"https:\/\/api.w.org\/{rel}","templated":true}]}}