{"id":5315,"date":"2025-09-06T16:34:48","date_gmt":"2025-09-06T16:34:48","guid":{"rendered":"https:\/\/akademska-masa.org\/?p=5315"},"modified":"2025-09-06T16:49:59","modified_gmt":"2025-09-06T16:49:59","slug":"pendrekom-i-suzavcem-na-autonomiju-univerziteta","status":"publish","type":"post","link":"https:\/\/akademska-masa.org\/en\/pendrekom-i-suzavcem-na-autonomiju-univerziteta\/","title":{"rendered":"Pendrekom i suzavcem na autonomiju univerziteta"},"content":{"rendered":"<div data-elementor-type=\"wp-post\" data-elementor-id=\"5315\" class=\"elementor elementor-5315\">\n\t\t\t\t\t\t\t\t\t<section class=\"elementor-section elementor-top-section elementor-element elementor-element-9ead252 elementor-section-boxed elementor-section-height-default elementor-section-height-default\" data-id=\"9ead252\" data-element_type=\"section\">\n\t\t\t\t\t\t<div class=\"elementor-container elementor-column-gap-default\">\n\t\t\t\t\t<div class=\"elementor-column elementor-col-100 elementor-top-column elementor-element elementor-element-362eb6a\" data-id=\"362eb6a\" data-element_type=\"column\">\n\t\t\t<div class=\"elementor-widget-wrap elementor-element-populated\">\n\t\t\t\t\t\t\t\t<div class=\"elementor-element elementor-element-74e3a1b elementor-widget elementor-widget-text-editor\" data-id=\"74e3a1b\" data-element_type=\"widget\" data-widget_type=\"text-editor.default\">\n\t\t\t\t<div class=\"elementor-widget-container\">\n\t\t\t\t\t\t\t<p>Policijska brutalnost u Srbiji dobija sve drasti\u010dnije razmere. Sada ve\u0107 potpuno ogoljeno kr\u0161i sve principe koji su osnova njihovog rada. Dakle, zakonitost, nu\u017enost, srazmernost i nediskriminacija su apsolutno prega\u017eeni njihovim delovanjem u Novom Sadu 5. septembra. Njihova reakcija je bila nasilna i neprimerena prema gra\u0111anima, studentima, profesorima, novinarima, koji su mirno protestovali i okupili se u Univerzitetskom kampusu da izraze opravdano nezadovoljstvo situacijom na univerzitetu, fakultetima i dru\u0161tvu uop\u0161te.<\/p><p>Policija je prekr\u0161ila pravo na pristup univerzitetu i prostoru okupljanja, jer je fizi\u010dki onemogu\u0107ila pristup odre\u0111enim delovima univerziteta, konkretno Filozofskom fakultetu, \u010dime je direktno naru\u0161ila autonomiju i unutra\u0161nju slobodu univerziteta kao institucije. Tako\u0111e, policija nije pru\u017eila jasne informacije o razlozima svojih postupaka, \u0161to je suprotno zakonskoj obavezi transparentnosti i za\u0161tite prava gra\u0111ana.<\/p><p>Prilikom vr\u0161enja svojih ovla\u0161\u0107enja, policija se ve\u0107 du\u017ee vreme, o\u010digledno ne pridr\u017eava obaveze Republike Srbije prema me\u0111unarodnom pravu da po\u0161tuje, \u0161titi i ispunjava ljudska prava, kao \u0161to su pravo na \u017eivot, slobodu i bezbednost li\u010dnosti, pravo na slobodu mirnog okupljanja i sloboda izra\u017eavanja. Mnoga od ovih prava su kr\u0161ena, \u00a0upotrebom nezakonite sile od strane policije i drugim nezakonitim pona\u0161anjem, \u0161to uklju\u010duje golu fizi\u010dku silu, ili nesmotrenu upotrebu manje smrtonosnog oru\u017eja, kao \u0161to su: \u0161ok bombe, kineti\u010dki projektili, suzavac i palice. A uloga policije je da odr\u017ei javni red i mir, i u ovom slu\u010daju, olak\u0161a mirne proteste.<\/p><p>Kada do\u0111e do tenzija, policija ima du\u017enost da ih deeskalira i aktivno za\u0161titi demonstrante i druge od nasilja. Ako se neki demonstranti uklju\u010de u nasilne akcije, to ne pretvara, ina\u010de mirni protest, u nemirno okupljanje. Policija treba da osigura da oni koji ostanu mirni mogu da nastave sa protestima. \u010cinovi nasilja od strane zanemarljive manjine ne opravdavaju neselektivnu upotrebu sile. Ako je upotreba sile neizbe\u017ena, policija mora da upotrebi minimalnu silu neophodnu za postizanje legitimnog cilja. Me\u0111utim, bili smo svedoci brutalne policijske intervencije, kada je \u017dandarmerija nasumi\u010dno napadala gra\u0111ane, \u010dak i u \u0161irem delu grada, slu\u010dajne prolaznike, ali i novinare, koji su dobijali nesuvisle pretnje.<\/p><p>Mre\u017ea akademske solidarnosti i anga\u017eovanosti (MASA) poziva me\u0111unarodnu i doma\u0107u akademsku zajednicu, kao i gra\u0111ane, da se energi\u010dnije, slo\u017enije i brojnije suprotstave kr\u0161enju prava i gu\u0161enju autonomije univerziteta u Srbiji. Apelujemo i da se nastavi sa pru\u017eanjem podr\u0161ke svim naporima studenata i profesora, koji se bore za o\u010duvanje akademskih sloboda. Samo zajedni\u010dkim delovanjem mo\u017eemo omogu\u0107iti i svim drugim gra\u0111anima, da bez straha, izraze svoje nezadovoljstvo i zahtevaju potrebne promene, jer je snaga u jedinstvu i solidarnosti.<\/p>\t\t\t\t\t\t<\/div>\n\t\t\t\t<\/div>\n\t\t\t\t\t<\/div>\n\t\t<\/div>\n\t\t\t\t\t\t\t<\/div>\n\t\t<\/section>\n\t\t\t\t\t\t\t<\/div>","protected":false},"excerpt":{"rendered":"<p>Policijska brutalnost u Srbiji dobija sve drasti\u010dnije razmere. Sada ve\u0107 potpuno ogoljeno kr\u0161i sve principe koji su osnova njihovog rada. Dakle, zakonitost, nu\u017enost, srazmernost i nediskriminacija su apsolutno prega\u017eeni njihovim delovanjem u Novom Sadu 5. septembra. Njihova reakcija je bila nasilna i neprimerena prema gra\u0111anima, studentima, profesorima, novinarima, koji su mirno protestovali i okupili se [&hellip;]<\/p>","protected":false},"author":1,"featured_media":0,"comment_status":"closed","ping_status":"closed","sticky":false,"template":"","format":"standard","meta":[],"categories":[1],"tags":[],"_links":{"self":[{"href":"https:\/\/akademska-masa.org\/en\/wp-json\/wp\/v2\/posts\/5315"}],"collection":[{"href":"https:\/\/akademska-masa.org\/en\/wp-json\/wp\/v2\/posts"}],"about":[{"href":"https:\/\/akademska-masa.org\/en\/wp-json\/wp\/v2\/types\/post"}],"author":[{"embeddable":true,"href":"https:\/\/akademska-masa.org\/en\/wp-json\/wp\/v2\/users\/1"}],"replies":[{"embeddable":true,"href":"https:\/\/akademska-masa.org\/en\/wp-json\/wp\/v2\/comments?post=5315"}],"version-history":[{"count":4,"href":"https:\/\/akademska-masa.org\/en\/wp-json\/wp\/v2\/posts\/5315\/revisions"}],"predecessor-version":[{"id":5319,"href":"https:\/\/akademska-masa.org\/en\/wp-json\/wp\/v2\/posts\/5315\/revisions\/5319"}],"wp:attachment":[{"href":"https:\/\/akademska-masa.org\/en\/wp-json\/wp\/v2\/media?parent=5315"}],"wp:term":[{"taxonomy":"category","embeddable":true,"href":"https:\/\/akademska-masa.org\/en\/wp-json\/wp\/v2\/categories?post=5315"},{"taxonomy":"post_tag","embeddable":true,"href":"https:\/\/akademska-masa.org\/en\/wp-json\/wp\/v2\/tags?post=5315"}],"curies":[{"name":"wp","href":"https:\/\/api.w.org\/{rel}","templated":true}]}}