{"id":5413,"date":"2025-10-14T19:30:06","date_gmt":"2025-10-14T19:30:06","guid":{"rendered":"https:\/\/akademska-masa.org\/?p=5413"},"modified":"2025-10-14T19:30:26","modified_gmt":"2025-10-14T19:30:26","slug":"drzavni-terorizam-uzima-maha","status":"publish","type":"post","link":"https:\/\/akademska-masa.org\/en\/drzavni-terorizam-uzima-maha\/","title":{"rendered":"Dr\u017eavni terorizam uzima maha"},"content":{"rendered":"<div data-elementor-type=\"wp-post\" data-elementor-id=\"5413\" class=\"elementor elementor-5413\">\n\t\t\t\t\t\t\t\t\t<section class=\"elementor-section elementor-top-section elementor-element elementor-element-31a38b9 elementor-section-boxed elementor-section-height-default elementor-section-height-default\" data-id=\"31a38b9\" data-element_type=\"section\">\n\t\t\t\t\t\t<div class=\"elementor-container elementor-column-gap-default\">\n\t\t\t\t\t<div class=\"elementor-column elementor-col-100 elementor-top-column elementor-element elementor-element-30ac292\" data-id=\"30ac292\" data-element_type=\"column\">\n\t\t\t<div class=\"elementor-widget-wrap elementor-element-populated\">\n\t\t\t\t\t\t\t\t<div class=\"elementor-element elementor-element-066e8c0 elementor-widget elementor-widget-text-editor\" data-id=\"066e8c0\" data-element_type=\"widget\" data-widget_type=\"text-editor.default\">\n\t\t\t\t<div class=\"elementor-widget-container\">\n\t\t\t\t\t\t\t<p>\u010clanovi akademske zajednice kao i celokupna javnost duboko su potre\u0161eni nasiljem o kojem svedo\u010di studentkinja Poljoprivrednog fakulteta. Pobunjeni studenti ve\u0107 dugo trpe razli\u010dite pritiske, me\u0111u kojima su hap\u0161enja od strane nepoznatih lica koja odbijaju da se legitimi\u0161u, targetiranja u medijima, prebijanja i drugi vidovi zastra\u0161ivanja.\u00a0 Ovaj put tortura koju je studentkinja pre\u017eivela daleko prelazi liniju zamislivog, \u010dak i u dru\u0161tvu poput na\u0161eg u kome su gra\u0111anske slobode ve\u0107 du\u017ee vreme samo slovo na papiru. Brutalnost li\u0161ena bilo kakve odgovornosti \u010dak po\u010dinje da se primenjuje i kao mera iznude priznanja. Da li u jednom dru\u0161tvu u kome se to de\u0161ava mo\u017eemo \u017eiveti i raditi normalno, dok \u00a0studenti ali i svi drugi pojedinci koji su podigli glas protiv korupcije i primene brutalne sile nad gra\u0111ankama i gra\u0111anima ove zemlje hodaju ulicom u strahu da budu oteti, prebijeni, maltretirani i vre\u0111ani? Ko su lica zaposlena u policiji i ona koja u ime ovog re\u017eima primenjuju ovakvu troturu? Po \u010dijem nalogu to rade? Ko su lica zadu\u017eena za unutra\u0161nju kontrolu koja \u0107ute? Odgovor koji je MUP dao u kratkom saop\u0161tenju samo produbljuje nepoverenje. Jo\u0161 ve\u0107u sumnju u dobre namere ove institucije, koja bi trebalo da \u0161titi bezbednost gra\u0111ana, izaziva \u010dinjenica da je ime i prezime \u017ertve saop\u0161teno javno.<\/p><p>Mre\u017ea akademske solidarnosti i anga\u017eovanosti (MASA) insistira da tu\u017eila\u0161tvo ispita ovaj slu\u010daj, da javnost bude informisana o po\u010diniocima i nalogodavcima, kao i merama koje su preduzete da se ovakvi postupci sankcioni\u0161u i nikada vi\u0161e ne ponove. Insistiramo da RTS, kao javni servis, o ovom slu\u010daju podrobno obavesti \u0161iru javnost i suo\u010di je sa na\u0161om realno\u0161\u0107u. Pozivamo sve kolege, predstavnike akademske zajednice, da se usprotive i ne u\u010destvuju u kreiranju privida normalnosti dok ne dobijemo odgovore od institucija o ovom slu\u010daju i dok se studentima ne omogu\u0107i da se normalno i bez straha kre\u0107u u svojoj zemlji za dobrobit \u010dije budu\u0107nosti se bore mesecima. \u00a0<\/p>\t\t\t\t\t\t<\/div>\n\t\t\t\t<\/div>\n\t\t\t\t\t<\/div>\n\t\t<\/div>\n\t\t\t\t\t\t\t<\/div>\n\t\t<\/section>\n\t\t\t\t\t\t\t<\/div>","protected":false},"excerpt":{"rendered":"<p>\u010clanovi akademske zajednice kao i celokupna javnost duboko su potre\u0161eni nasiljem o kojem svedo\u010di studentkinja Poljoprivrednog fakulteta. Pobunjeni studenti ve\u0107 dugo trpe razli\u010dite pritiske, me\u0111u kojima su hap\u0161enja od strane nepoznatih lica koja odbijaju da se legitimi\u0161u, targetiranja u medijima, prebijanja i drugi vidovi zastra\u0161ivanja.\u00a0 Ovaj put tortura koju je studentkinja pre\u017eivela daleko prelazi liniju [&hellip;]<\/p>","protected":false},"author":1,"featured_media":0,"comment_status":"closed","ping_status":"closed","sticky":false,"template":"","format":"standard","meta":[],"categories":[1],"tags":[],"_links":{"self":[{"href":"https:\/\/akademska-masa.org\/en\/wp-json\/wp\/v2\/posts\/5413"}],"collection":[{"href":"https:\/\/akademska-masa.org\/en\/wp-json\/wp\/v2\/posts"}],"about":[{"href":"https:\/\/akademska-masa.org\/en\/wp-json\/wp\/v2\/types\/post"}],"author":[{"embeddable":true,"href":"https:\/\/akademska-masa.org\/en\/wp-json\/wp\/v2\/users\/1"}],"replies":[{"embeddable":true,"href":"https:\/\/akademska-masa.org\/en\/wp-json\/wp\/v2\/comments?post=5413"}],"version-history":[{"count":4,"href":"https:\/\/akademska-masa.org\/en\/wp-json\/wp\/v2\/posts\/5413\/revisions"}],"predecessor-version":[{"id":5417,"href":"https:\/\/akademska-masa.org\/en\/wp-json\/wp\/v2\/posts\/5413\/revisions\/5417"}],"wp:attachment":[{"href":"https:\/\/akademska-masa.org\/en\/wp-json\/wp\/v2\/media?parent=5413"}],"wp:term":[{"taxonomy":"category","embeddable":true,"href":"https:\/\/akademska-masa.org\/en\/wp-json\/wp\/v2\/categories?post=5413"},{"taxonomy":"post_tag","embeddable":true,"href":"https:\/\/akademska-masa.org\/en\/wp-json\/wp\/v2\/tags?post=5413"}],"curies":[{"name":"wp","href":"https:\/\/api.w.org\/{rel}","templated":true}]}}