{"id":5419,"date":"2025-11-03T08:16:02","date_gmt":"2025-11-03T08:16:02","guid":{"rendered":"https:\/\/akademska-masa.org\/?p=5419"},"modified":"2025-11-03T08:20:09","modified_gmt":"2025-11-03T08:20:09","slug":"hitno-istraziti-pretnje-univerzitetskim-profesorima-u-srbiji","status":"publish","type":"post","link":"https:\/\/akademska-masa.org\/en\/hitno-istraziti-pretnje-univerzitetskim-profesorima-u-srbiji\/","title":{"rendered":"Hitno istra\u017eiti pretnje univerzitetskim profesorima u Srbiji"},"content":{"rendered":"<div data-elementor-type=\"wp-post\" data-elementor-id=\"5419\" class=\"elementor elementor-5419\">\n\t\t\t\t\t\t\t\t\t<section class=\"elementor-section elementor-top-section elementor-element elementor-element-d637b38 elementor-section-boxed elementor-section-height-default elementor-section-height-default\" data-id=\"d637b38\" data-element_type=\"section\">\n\t\t\t\t\t\t<div class=\"elementor-container elementor-column-gap-default\">\n\t\t\t\t\t<div class=\"elementor-column elementor-col-100 elementor-top-column elementor-element elementor-element-1259cda\" data-id=\"1259cda\" data-element_type=\"column\">\n\t\t\t<div class=\"elementor-widget-wrap elementor-element-populated\">\n\t\t\t\t\t\t\t\t<div class=\"elementor-element elementor-element-b2a61ce elementor-widget elementor-widget-text-editor\" data-id=\"b2a61ce\" data-element_type=\"widget\" data-widget_type=\"text-editor.default\">\n\t\t\t\t<div class=\"elementor-widget-container\">\n\t\t\t\t\t\t\t<p>U prethodna dva meseca je vi\u0161e univerzitetskih profesora dobilo poruke pretnje od takozvane \u201ecrne ruke\u201c u kojima se sugeri\u0161e da su ti profesori \u201eozna\u010deni\u201c i da se nalaze pod neposrednom pretnjom. Poslednji u nizu, kako izve\u0161tavaju mediji, su neki od profesora Beogradskog univerziteta koji su \u010dlanovi Anketne komisije, kao i \u010dlan koordinacionog\u00a0 odbora Mre\u017ee akademske solidarnosti i anga\u017eovanosti \u2013 MASA koji je sli\u010dnu pretnju dobio uo\u010di obele\u017eavanja godi\u0161njice pada nadstre\u0161nice na \u017eelezni\u010dkoj stanici u Novom Sadu, nakon gostovanja u jednoj TV emisiji. Ukoliko su ove pretnje proizvod izolovanog delovanja nekog pojedinca onda Odeljenju za visokotehnolo\u0161ki kriminal MUP-a Srbije ne bi trebalo da predstavlja veliki problem da se ovo lice identifikuje i privede pravdi, tim pre \u0161to izre\u010dene pretnje, po svemu sude\u0107i, sti\u017eu sa iste imejl adrese, odnosno Instagram naloga koji je povezan sa ovom adresom. Me\u0111utim, \u010dinjenica da pretnje, uprkos tome \u0161to su u ve\u0107ini slu\u010dajeva bile prijavljene policiji, i dalje nesmetano sti\u017eu na imejlove profesora ili se mogu i sada videti u komentarima na neke od Instagram objava onih koji su podr\u017eavali studentske proteste postavlja se pitanje kako nadle\u017eni organi do sada nisu uspeli da identifikuju lice koje stoje iza ovakvih pretnji.<\/p><p>Ukoliko u najskorije vreme od MUP-a Srbije ne dobijemo odgovor na pitanje ko targetira profesore univerziteta, za koje je zajedni\u010dko to \u0161to se u svojim javnim nastupima ne ustru\u010davaju da otvoreno i bez zadr\u0161ke ukazuju na uzroke duboke dru\u0161tvene i politi\u010dke krize u Srbiji, onda to mo\u017ee zna\u010diti ili da nadle\u017ene institucije nemaju ni minimalni kapacitet niti volju da za\u0161tite one koji su izlo\u017eeni pretnjama ili, jo\u0161 gore, da ove pretnje dolaze iz krugova koji su povezani sa re\u017eimom u Srbiji uz pre\u0107utno odobrenje nadle\u017enih organa.<\/p><p>\u0160ta god da je u pitanje, ovakvi i sli\u010dni napadi na slobodno misle\u0107e ljude u Srbiji ne\u0107e spre\u010dite \u010dlanice i \u010dlanove na\u0161e organizacije da, kao i do sada, odva\u017eno i bez kompromisa bilo koje vrste ukazuju na uzroke nezapam\u0107ene dru\u0161tveno-politi\u010dke krize u kojoj se na\u0161a zemlja nalazi. MASA \u0107e u narednim nedeljama nastaviti da insistira na privo\u0111enju pravdi odgovornih za otvoreno targetiranje onih koji ne misle kao re\u017eim u Srbiji.<\/p>\t\t\t\t\t\t<\/div>\n\t\t\t\t<\/div>\n\t\t\t\t\t<\/div>\n\t\t<\/div>\n\t\t\t\t\t\t\t<\/div>\n\t\t<\/section>\n\t\t\t\t\t\t\t<\/div>","protected":false},"excerpt":{"rendered":"<p>U prethodna dva meseca je vi\u0161e univerzitetskih profesora dobilo poruke pretnje od takozvane \u201ecrne ruke\u201c u kojima se sugeri\u0161e da su ti profesori \u201eozna\u010deni\u201c i da se nalaze pod neposrednom pretnjom. Poslednji u nizu, kako izve\u0161tavaju mediji, su neki od profesora Beogradskog univerziteta koji su \u010dlanovi Anketne komisije, kao i \u010dlan koordinacionog\u00a0 odbora Mre\u017ee akademske [&hellip;]<\/p>","protected":false},"author":1,"featured_media":0,"comment_status":"closed","ping_status":"closed","sticky":false,"template":"","format":"standard","meta":[],"categories":[1],"tags":[],"_links":{"self":[{"href":"https:\/\/akademska-masa.org\/en\/wp-json\/wp\/v2\/posts\/5419"}],"collection":[{"href":"https:\/\/akademska-masa.org\/en\/wp-json\/wp\/v2\/posts"}],"about":[{"href":"https:\/\/akademska-masa.org\/en\/wp-json\/wp\/v2\/types\/post"}],"author":[{"embeddable":true,"href":"https:\/\/akademska-masa.org\/en\/wp-json\/wp\/v2\/users\/1"}],"replies":[{"embeddable":true,"href":"https:\/\/akademska-masa.org\/en\/wp-json\/wp\/v2\/comments?post=5419"}],"version-history":[{"count":7,"href":"https:\/\/akademska-masa.org\/en\/wp-json\/wp\/v2\/posts\/5419\/revisions"}],"predecessor-version":[{"id":5426,"href":"https:\/\/akademska-masa.org\/en\/wp-json\/wp\/v2\/posts\/5419\/revisions\/5426"}],"wp:attachment":[{"href":"https:\/\/akademska-masa.org\/en\/wp-json\/wp\/v2\/media?parent=5419"}],"wp:term":[{"taxonomy":"category","embeddable":true,"href":"https:\/\/akademska-masa.org\/en\/wp-json\/wp\/v2\/categories?post=5419"},{"taxonomy":"post_tag","embeddable":true,"href":"https:\/\/akademska-masa.org\/en\/wp-json\/wp\/v2\/tags?post=5419"}],"curies":[{"name":"wp","href":"https:\/\/api.w.org\/{rel}","templated":true}]}}