{"id":549,"date":"2020-11-27T13:14:58","date_gmt":"2020-11-27T13:14:58","guid":{"rendered":"https:\/\/akademska-masa.org\/?p=549"},"modified":"2020-11-27T13:15:00","modified_gmt":"2020-11-27T13:15:00","slug":"podrska-dr-zivku-curcicu","status":"publish","type":"post","link":"https:\/\/akademska-masa.org\/en\/support-dr-zivkas-little-girl\/","title":{"rendered":"Support for Dr. \u017divko \u0106ur\u010di\u0107"},"content":{"rendered":"<p>MASA provides full support to our colleague Dr. \u017divko \u0106ur\u010di\u0107, who was illegally dismissed by the decision of the director of the Institute for Crop and Vegetable Agriculture, Dr. Svetlana Bale\u0161evi\u0107 Tubi\u0107.<\/p>\n\n\n\n<p>Dr. \u017divko \u0106ur\u010di\u0107 has been working on research related to sugar beet at the Institute for 13 years, and for the last 4 years he has been trying to save it from being completely shut down. If he loses this battle, by all accounts, a large part of the unique genetic resources in the Institute&#039;s collection will also be irretrievably lost.<\/p>\n\n\n\n<p>When it comes to the alleged offense for which colleague \u0106ur\u010di\u0107 was fired, we fully agree with the opinion of the Science Union, submitted to the Institute, which states that colleague \u0106ur\u010di\u0107 did not violate his work obligations with his statements. According to the Law on Science and Research, scientific work is based on the publicity of its activities, and it is completely incomprehensible that a state institute, which was founded under the Law on Public Services, can use its employee&#039;s statement about endangered research as a basis for dismissal.<\/p>\n\n\n\n<p>Every day and at every step, we are faced with the dramatic consequences of the increasingly widespread practice that in our state institutions, instead of knowledge, a diploma, even if it is a fake one, is more valued, obedience instead of expertise, and mediocrity instead of integrity. The price for this is paid not only by courageous scientists like Dr. \u0106uri\u010di\u0107 and their families, but also by all citizens of Serbia. MASA believes that it is high time to stop the increasingly frequent persecution of scientists in this country, because otherwise we will have no choice but to call on all our colleagues to stand up in defense of the dignity of the scientific community in Serbia.<\/p>\n\n\n\n<p><gwmw style=\"display:none;\"><gwmw style=\"display:none;\"><\/p>","protected":false},"excerpt":{"rendered":"<p>MASA provides full support to our colleague Dr. \u017divko \u0106ur\u010di\u0107, who was illegally dismissed by the decision of the director of the Institute for Crop and Vegetable Agriculture, Dr. Svetlana Bale\u0161evi\u0107 Tubi\u0107. Dr. \u017divko \u0106ur\u010di\u0107 has been working on research related to sugar beet at the Institute for 13 years, and for the last 4 years he has been trying to save it from being completely shut down. If he loses this [...]<\/p>","protected":false},"author":1,"featured_media":0,"comment_status":"open","ping_status":"open","sticky":false,"template":"","format":"standard","meta":[],"categories":[1],"tags":[],"_links":{"self":[{"href":"https:\/\/akademska-masa.org\/en\/wp-json\/wp\/v2\/posts\/549"}],"collection":[{"href":"https:\/\/akademska-masa.org\/en\/wp-json\/wp\/v2\/posts"}],"about":[{"href":"https:\/\/akademska-masa.org\/en\/wp-json\/wp\/v2\/types\/post"}],"author":[{"embeddable":true,"href":"https:\/\/akademska-masa.org\/en\/wp-json\/wp\/v2\/users\/1"}],"replies":[{"embeddable":true,"href":"https:\/\/akademska-masa.org\/en\/wp-json\/wp\/v2\/comments?post=549"}],"version-history":[{"count":1,"href":"https:\/\/akademska-masa.org\/en\/wp-json\/wp\/v2\/posts\/549\/revisions"}],"predecessor-version":[{"id":550,"href":"https:\/\/akademska-masa.org\/en\/wp-json\/wp\/v2\/posts\/549\/revisions\/550"}],"wp:attachment":[{"href":"https:\/\/akademska-masa.org\/en\/wp-json\/wp\/v2\/media?parent=549"}],"wp:term":[{"taxonomy":"category","embeddable":true,"href":"https:\/\/akademska-masa.org\/en\/wp-json\/wp\/v2\/categories?post=549"},{"taxonomy":"post_tag","embeddable":true,"href":"https:\/\/akademska-masa.org\/en\/wp-json\/wp\/v2\/tags?post=549"}],"curies":[{"name":"wp","href":"https:\/\/api.w.org\/{rel}","templated":true}]}}