{"id":696,"date":"2021-04-15T08:33:08","date_gmt":"2021-04-15T08:33:08","guid":{"rendered":"https:\/\/akademska-masa.org\/?p=696"},"modified":"2021-04-15T08:33:13","modified_gmt":"2021-04-15T08:33:13","slug":"saopstenje-mase-povodom-imenovanja-predstavnika-vlade-u-savet-fakulteta-politickih-nauka","status":"publish","type":"post","link":"https:\/\/akademska-masa.org\/en\/saopstenje-mase-povodom-imenovanja-predstavnika-vlade-u-savet-fakulteta-politickih-nauka\/","title":{"rendered":"Saop\u0161tenje MASE povodom imenovanja predstavnika Vlade u Savet Fakulteta politi\u010dkih nauka"},"content":{"rendered":"<p>Mre\u017ea akademske solidarnosti i anga\u017eovanosti (MASA) reagovala je do sada na veliki broj slu\u010dajeva u kojima su se na udaru predstavnika i pristalica vlasti na\u0161la autonomija akademskog i nau\u010dnog rada. Smatramo da je imenovanje \u010dlanova Saveta Fakulteta politi\u010dkih nauka na sednici od 08. aprila 2021. daje novi povod za sumnje da izvr\u0161na vlast poku\u0161ava da uve\u0107a politi\u010dki uticaj na rad fakulteta i univerziteta i da nastavi sa politikom gu\u0161enja akademskih sloboda.&nbsp;&nbsp;<\/p>\n\n\n\n<p>Koriste\u0107i se zakonskim ovla\u0161\u0107enjem da u upravna tela akademskih institucija imenuje svoje predstavnike, Vlada je opet posegla za postavljanjem podobnih umesto sopstvenim radom zaslu\u017enih \u010dlanova ovih tela, pred izbor novog dekana i skoro dve godine nakon \u0161to je postoje\u0107i Savet konstituisan. Imaju\u0107i u vidu da je prethodnim promenama zakona smanjen udeo predstavnika visoko\u0161kolske ustanove sa 66% na 55% sastava Saveta, novi sastav Saveta Fakulteta je neubi\u010dajen po politi\u010dkoj te\u017eini. Deo saveta koji je imanovala Vlada \u010dine, izme\u0111u ostalih, dve ministarke (Maja Gojkovi\u0107 i Jadranka Joksimovi\u0107), dva profesora U\u010diteljskog fakulteta sa bogatom politi\u010dkom biografijom (Uro\u0161 \u0160uvakovi\u0107 i Jovan Bazi\u0107), nekoliko biv\u0161ih studentskih funkcionera FPN i Pravnog fakulteta koji svoje karijere grade u dr\u017eavnim institucijama.<\/p>\n\n\n\n<p>Ne ulaze\u0107i u pitanja \u201cprava osniva\u010da\u201d i u tuma\u010denje dela zakona koji Vladu obavezuje da imenuje istaknute li\u010dnosti \u201ciz oblasti nauke, kulture, prosvete, umetnosti i privrede\u201d smatramo da je ovakav \u010din Vlade predstavlja politi\u010dki pritisak na autonomno delovanje FPN i zaposlenih iz vi\u0161e razloga.&nbsp;<\/p>\n\n\n\n<p>Najpre, dvoje novoimenovanih \u010dlanova su i dr\u017eavni funkcioneri i jo\u0161 uvek aktivni studenti doktorskih studija na Fakultetu. Pored toga, iako u Savetu Fakulteta ve\u0107 sede predstavnici studenata, do sad se nije de\u0161avalo da sede studenti koji su predstavnici osniva\u010da. Verovatno je i laiku jasno da sukobljenje uloge koje ovi \u010dlanovi Saveta imaju mogu da dovedu do konflikata u odlu\u010divanju, a podseti\u0107emo, radi se o upravnom telu fakulteta.&nbsp;<\/p>\n\n\n\n<p>Drugo, novoimenovani \u010dlanovi Saveta imenovani su u najvi\u0161i organ upravljanja Fakulteta, \u010diji nastavnici i saradnici (oko 80% zaposlenih) su u januaru 2019. godine, javno izrazili sumnju u demokrati\u010dnost vlasti i njenu privr\u017eenost vladavini prava. Ova \u010dinjenica, naravno, ne obavezuje Vladu, ali svakako ne govori ni o njenoj spremnosti da umesto kroz dijalog i ravnopravnu saradnju probleme re\u0161ava kadrovskom politikom. Imenovanje \u010dlanova Saveta sa ovakvim politi\u010dkim profilima \u0161alje poruku da je bliskost vlasti va\u017enija od vrednosti koje program Fakulteta promovi\u0161e i daje vetar u le\u0111a onoj manjini koja je spremna da ovu prednost iskoristi.&nbsp;<\/p>\n\n\n\n<p>Na kraju, razlog za brigu je i \u0161to deo imenovanih \u010dlanova Saveta bio politi\u010dki aktivan u vreme dono\u0161enja Zakona o univerzitetu iz 1998. godine i podr\u017eavao njegovo dono\u0161enje. Podse\u0107amo, ovaj zakon je obele\u017eio jedan od perioda u istoriji univerziteta u Srbiji kad je Vlada direktno kr\u0161ila autonomiju univerziteta. Ukazujemo da se osniva\u010dko pravo nipo\u0161to ne mo\u017ee izjedna\u010diti sa pravom vlasni\u0161tva, jer je univerzitet, kao i sve njegove \u010dlanice, javna ustanova osnovana da bi slu\u017eila javnom interesu gra\u0111ana i gra\u0111anki Srbije, a ne partikularnim interesima politi\u010dke elite koja uzurpira sve poluge vlasti. Pozivamo koleginice i kolege, akademsku zajednicu da se ujedini u stavu protiv nametanja podobnih i o\u010duva autonomiju univerziteta koja je na najni\u017eim granama od 1998.<\/p>","protected":false},"excerpt":{"rendered":"<p>Mre\u017ea akademske solidarnosti i anga\u017eovanosti (MASA) reagovala je do sada na veliki broj slu\u010dajeva u kojima su se na udaru predstavnika i pristalica vlasti na\u0161la autonomija akademskog i nau\u010dnog rada. Smatramo da je imenovanje \u010dlanova Saveta Fakulteta politi\u010dkih nauka na sednici od 08. aprila 2021. daje novi povod za sumnje da izvr\u0161na vlast poku\u0161ava da [&hellip;]<\/p>","protected":false},"author":1,"featured_media":0,"comment_status":"closed","ping_status":"closed","sticky":false,"template":"","format":"standard","meta":[],"categories":[1],"tags":[],"_links":{"self":[{"href":"https:\/\/akademska-masa.org\/en\/wp-json\/wp\/v2\/posts\/696"}],"collection":[{"href":"https:\/\/akademska-masa.org\/en\/wp-json\/wp\/v2\/posts"}],"about":[{"href":"https:\/\/akademska-masa.org\/en\/wp-json\/wp\/v2\/types\/post"}],"author":[{"embeddable":true,"href":"https:\/\/akademska-masa.org\/en\/wp-json\/wp\/v2\/users\/1"}],"replies":[{"embeddable":true,"href":"https:\/\/akademska-masa.org\/en\/wp-json\/wp\/v2\/comments?post=696"}],"version-history":[{"count":1,"href":"https:\/\/akademska-masa.org\/en\/wp-json\/wp\/v2\/posts\/696\/revisions"}],"predecessor-version":[{"id":697,"href":"https:\/\/akademska-masa.org\/en\/wp-json\/wp\/v2\/posts\/696\/revisions\/697"}],"wp:attachment":[{"href":"https:\/\/akademska-masa.org\/en\/wp-json\/wp\/v2\/media?parent=696"}],"wp:term":[{"taxonomy":"category","embeddable":true,"href":"https:\/\/akademska-masa.org\/en\/wp-json\/wp\/v2\/categories?post=696"},{"taxonomy":"post_tag","embeddable":true,"href":"https:\/\/akademska-masa.org\/en\/wp-json\/wp\/v2\/tags?post=696"}],"curies":[{"name":"wp","href":"https:\/\/api.w.org\/{rel}","templated":true}]}}